{"id":543,"date":"2017-10-23T09:20:51","date_gmt":"2017-10-23T07:20:51","guid":{"rendered":"http:\/\/www.medien-capitain.de\/?p=543"},"modified":"2021-12-28T15:31:03","modified_gmt":"2021-12-28T14:31:03","slug":"essener-chancen-gewinnt-fussball-bildungspreis","status":"publish","type":"post","link":"http:\/\/www.medien-capitain.de\/?p=543","title":{"rendered":"Essener Chancen gewinnen Fu\u00dfball-Bildungspreis"},"content":{"rendered":"<p><strong><a href=\"http:\/\/www.medien-capitain.de\/wp-content\/uploads\/2017\/12\/171023_kicker.jpg\"><img fetchpriority=\"high\" decoding=\"async\" class=\"alignright wp-image-544\" src=\"http:\/\/www.medien-capitain.de\/wp-content\/uploads\/2017\/12\/171023_kicker-300x212.jpg\" alt=\"\" width=\"327\" height=\"231\" srcset=\"http:\/\/www.medien-capitain.de\/wp-content\/uploads\/2017\/12\/171023_kicker-300x212.jpg 300w, http:\/\/www.medien-capitain.de\/wp-content\/uploads\/2017\/12\/171023_kicker-768x543.jpg 768w, http:\/\/www.medien-capitain.de\/wp-content\/uploads\/2017\/12\/171023_kicker-1024x724.jpg 1024w, http:\/\/www.medien-capitain.de\/wp-content\/uploads\/2017\/12\/171023_kicker.jpg 1588w\" sizes=\"(max-width: 327px) 100vw, 327px\" \/><\/a>Auf der gro\u00dfen Gala\u00a0zur Verleihung des Deutschen Fu\u00dfball-Kulturpreises in N\u00fcrnberg zeichnete die\u00a0Deutsche Akademie f\u00fcr Fu\u00dfball-Kultur das Projekt\u00a0\u201eSchule is&#8216; auf\u2018m Platz\u201c des von Tani Capitain gesch\u00e4ftsf\u00fchrend geleiteten Vereins Essener Chancen mit dem\u00a0Bildungspreis \u201eLernansto\u00df\u201c aus.<\/strong><\/p>\n<p>Dabei gab es eine einhellige Zustimmung der Jury. Schule is&#8216; auf\u2018m Platz ist nicht nur kostenloses Betreuungsangebot, sondern zus\u00e4tzlich Vorbereitung f\u00fcr das entscheidende vierte Grundschuljahr und die Versetzung in die n\u00e4chste Schulform. Die Aktion gibt 25 Kindern aus dem Essener Norden die Chance, in Sommer-, Herbst- und Osterferien durch das Thema Fu\u00dfball und mit Unterst\u00fctzung von Rot-Weiss Essen attraktive Ferien zu verbringen und gleichzeitig zu lernen.<\/p>\n","protected":false},"excerpt":{"rendered":"<p>Auf der gro\u00dfen Gala\u00a0zur Verleihung des Deutschen Fu\u00dfball-Kulturpreises in N\u00fcrnberg zeichnete die\u00a0Deutsche Akademie f\u00fcr Fu\u00dfball-Kultur das Projekt\u00a0\u201eSchule is&#8216; auf\u2018m Platz\u201c des von Tani Capitain gesch\u00e4ftsf\u00fchrend geleiteten Vereins Essener Chancen mit dem\u00a0Bildungspreis \u201eLernansto\u00df\u201c aus. Dabei gab es eine einhellige Zustimmung der Jury. Schule is&#8216; auf\u2018m Platz ist nicht nur kostenloses Betreuungsangebot, sondern zus\u00e4tzlich Vorbereitung f\u00fcr das&hellip; <a class=\"more-link\" href=\"http:\/\/www.medien-capitain.de\/?p=543\">Continue reading &rarr;<\/a><\/p>\n","protected":false},"author":1,"featured_media":0,"comment_status":"closed","ping_status":"closed","sticky":false,"template":"","format":"standard","meta":{"footnotes":""},"categories":[6],"tags":[],"class_list":["post-543","post","type-post","status-publish","format-standard","hentry","category-essener-chancen"],"_links":{"self":[{"href":"http:\/\/www.medien-capitain.de\/index.php?rest_route=\/wp\/v2\/posts\/543","targetHints":{"allow":["GET"]}}],"collection":[{"href":"http:\/\/www.medien-capitain.de\/index.php?rest_route=\/wp\/v2\/posts"}],"about":[{"href":"http:\/\/www.medien-capitain.de\/index.php?rest_route=\/wp\/v2\/types\/post"}],"author":[{"embeddable":true,"href":"http:\/\/www.medien-capitain.de\/index.php?rest_route=\/wp\/v2\/users\/1"}],"replies":[{"embeddable":true,"href":"http:\/\/www.medien-capitain.de\/index.php?rest_route=%2Fwp%2Fv2%2Fcomments&post=543"}],"version-history":[{"count":2,"href":"http:\/\/www.medien-capitain.de\/index.php?rest_route=\/wp\/v2\/posts\/543\/revisions"}],"predecessor-version":[{"id":546,"href":"http:\/\/www.medien-capitain.de\/index.php?rest_route=\/wp\/v2\/posts\/543\/revisions\/546"}],"wp:attachment":[{"href":"http:\/\/www.medien-capitain.de\/index.php?rest_route=%2Fwp%2Fv2%2Fmedia&parent=543"}],"wp:term":[{"taxonomy":"category","embeddable":true,"href":"http:\/\/www.medien-capitain.de\/index.php?rest_route=%2Fwp%2Fv2%2Fcategories&post=543"},{"taxonomy":"post_tag","embeddable":true,"href":"http:\/\/www.medien-capitain.de\/index.php?rest_route=%2Fwp%2Fv2%2Ftags&post=543"}],"curies":[{"name":"wp","href":"https:\/\/api.w.org\/{rel}","templated":true}]}}